{"id":79485,"date":"2026-04-17T11:23:49","date_gmt":"2026-04-17T16:53:49","guid":{"rendered":"https:\/\/woodemo.webkul.in\/restaurant-pos-bundle\/?p=79485"},"modified":"2026-02-28T15:49:19","modified_gmt":"2026-02-28T21:19:19","slug":"ovar-mantem-apoios-a-projeto-da-bosch-apos-2","status":"publish","type":"post","link":"https:\/\/woodemo.webkul.in\/restaurant-pos-bundle\/ovar-mantem-apoios-a-projeto-da-bosch-apos-2\/","title":{"rendered":"Ovar mant\u00e9m apoios a projeto da Bosch ap\u00f3s garantias da multinacional"},"content":{"rendered":"<div id=\"toc\" style=\"background: #f9f9f9;border: 1px solid #aaa;display: table;margin-bottom: 1em;padding: 1em;width: 350px;\">\n<p class=\"toctitle\" style=\"font-weight: 700;text-align: center;\">Content<\/p>\n<ul class=\"toc_list\">\n<li><a href=\"#toc-0\">Segunda linha de bombas de calor em Aveiro<\/a><\/li>\n<li><a href=\"#toc-1\">Inc\u00eandio destr\u00f3i est\u00e1tua de Nossa Senhora de F\u00e1tima de 35 metros no Brasil<\/a><\/li>\n<li><a href=\"#toc-2\">Divis\u00e3o de seguran\u00e7a da Bosch d\u00e1 origem \u00e0 Keenfinity<\/a><\/li>\n<li><a href=\"#toc-3\">Schneider Electric impulsiona tecnologia energ\u00e9tica no Encontro Anual do F\u00f3rum Econ\u00f3mico Mundial<\/a><\/li>\n<li><a href=\"#toc-4\">CGD lucra 1,9 mil milh\u00f5es e d\u00e1 1,25 mil milh\u00f5es ao Estado<\/a><\/li>\n<\/ul>\n<\/div>\n<p>\u00c9 por isso que entraremos em contacto dentro de duas semanas ap\u00f3s a tua visita, para saber se desfrutaste do teu dia na nossa empresa. \u00c9 uma grande oportunidade para obteres respostas a todas as tuas perguntas. Agora estamos desejosos de entrar em contacto contigo e levar-te numa visita \u00e0 nossa empresa. De modo a descobrires o que se adapta melhor a ti, podes procurar por cargo, pa\u00eds ou cidade, e a \u00e1rea funcional em que queres trabalhar. A Lusa contactou a empresa, mas o funcion\u00e1rio na portaria disse n\u00e3o ter forma de aceder a nenhum respons\u00e1vel da Bosch e recusou-se a ficar com os contatos da ag\u00eancia para eventuais esclarecimentos.<\/p>\n<h2 id=\"toc-0\">Segunda linha de bombas de calor em Aveiro<\/h2>\n<ul>\n<li>\u201cEstamos confiantes de que iremos encontrar um comprador para todas as tr\u00eas unidades de neg\u00f3cios, o que fortalecer\u00e1 ainda mais o neg\u00f3cio e garantir-lhe um futuro seguro.\u201d Explicou que, por raz\u00f5es estrat\u00e9gicas, a Bosch n\u00e3o pretende continuar a desenvolver este neg\u00f3cio.<\/li>\n<li>No caso da unidade de Ovar, registou tamb\u00e9m em 2024 um \u201cligeiro acr\u00e9scimo\u201d das suas vendas internas.<\/li>\n<li>Todavia, a empresa garante que os mais de mil trabalhadores ser\u00e3o assumidos pelo novo propriet\u00e1rio.<\/li>\n<\/ul>\n<p>A 2\u00aa edi\u00e7\u00e3o teve como tema &quot;Radar to Spotlight&quot; e procurou clarificar as aplica\u00e7\u00f5es desta tecnologia no nosso dia-a-dia e em que n\u00edvel se encontra a ci\u00eancia nacional. Em paralelo, mantenho atividades de coorienta\u00e7\u00e3o de projetos de est\u00e1gio em empresa com v\u00e1rias Universidades e Polit\u00e9cnicos, que permitem estabelecer um ambiente de constante aprendizagem ao n\u00edvel t\u00e9cnico e interpessoal. Neste momento coordeno as atividades t\u00e9cnicas do subprojecto Smart Urban Sensing que decorre no \u00e2mbito do P2020 Safe Cities \u2013 Inova\u00e7\u00e3o para Construir Cidades Seguras, colaborando na defini\u00e7\u00e3o de arquiteturas para os diversos sistemas que comp\u00f5e este subprojecto, bem como orientar as tarefas gerais da equipa. Em 2017, regressou ao mundo empresarial, e em 2020 juntou-se \u00e0 Bosch Portugal em Ovar para a divis\u00e3o Video Systems de Building Technologies. Iniciou o percurso acad\u00e9mico com licenciatura em Engenharia Eletr\u00f3nica e Telecomunica\u00e7\u00f5es, conclu\u00edda em 2006, e ap\u00f3s uma breve passagem pelo mundo empresarial, regressou \u00e0 academia para enveredar por um caminho de investiga\u00e7\u00e3o, composto por Mestrado Integrado, atingido em 2008 e Doutoramento em Engenharia Eletrot\u00e9cnica, conclu\u00eddo em 2012. A CESCE \ufffd uma empresa espanhola, l\ufffdder no mercado de seguros de cr\ufffddito para a exporta\ufffd\ufffdo, participada maioritariamente pelo Estado Espanhol e pelos principais bancos e empresas seguradoras de Espanha.<\/p>\n<h3 id=\"toc-1\">Inc\u00eandio destr\u00f3i est\u00e1tua de Nossa Senhora de F\u00e1tima de 35 metros no Brasil<\/h3>\n<p>\u201cEstamos confiantes de que iremos encontrar um comprador para todas as tr\u00eas unidades de neg\u00f3cios, o que fortalecer\u00e1 ainda mais o neg\u00f3cio e garantir-lhe um futuro seguro. Por isso, \u201cplaneia vender a maior parte do neg\u00f3cio de produtos da divis\u00e3o Building Technologies, incluindo as unidades de neg\u00f3cios de v\u00eddeo, acesso e intrus\u00e3o e comunica\u00e7\u00e3o\u201d. As unidades de Ovar e Braga v\u00e3o assumir um papel preponderante no desenvolvimento e produ\u00e7\u00e3o de eBikes dentro da Bosch, anunciou a empresa em comunicado. A Bosch est\ufffd a trazer a \ufffdrea de neg\ufffdcio das eBikes para Portugal, com as unidades de Braga e de Ovar a assumirem um papel preponderante nas vertentes de desenvolvimento e produ\ufffd\ufffdo destas tecnologias dentro do Grupo. Estas novas \u00e1reas, que representam um investimento de cerca 2,1 milh\u00f5es de euros, permitir\u00e3o uma maior e melhor capacidade para o desenvolvimento de atividades de I&amp;D, produ\u00e7\u00e3o e de suporte \u00e0 produ\u00e7\u00e3o.<\/p>\n<h3 id=\"toc-2\">Divis\u00e3o de seguran\u00e7a da Bosch d\u00e1 origem \u00e0 Keenfinity<\/h3>\n<p>Este modelo avalia e reconhece as pr\u00e1ticas e a performance da empresa pela condu\u00e7\u00e3o de processos e execu\u00e7\u00e3o de medidas que visam <a href=\"bosch-career.pt\">bosch-career.pt<\/a> promover uma cultura organizacional e de lideran\u00e7a positiva, diversificada e colaborativa, al\u00e9m do compromisso com crescimento profissional de todos os seus colaboradores. Com esta aposta, o grupo pretende focar-se \u201cna actividade de integrador regional, com solu\u00e7\u00f5es e servi\u00e7os para a seguran\u00e7a dos edif\u00edcios, efici\u00eancia energ\u00e9tica e automatiza\u00e7\u00e3o dos edif\u00edcios\u201d, destacou na altura. Como resultado, a Bosch eBike Systems j\u00e1 incluiu crit\u00e9rios ambientais no desenvolvimento de produtos e implementou o conceito de conserva\u00e7\u00e3o de recursos em todos os processos. Para reduzir ainda mais as emiss\u00f5es, \u00e9 importante estabelecer a sustentabilidade como crit\u00e9rio fixo no desenvolvimento e produ\u00e7\u00e3o de eBike. O grupo acredita em Portugal e no talento dos portugueses, o que nos traz seguran\u00e7a e confian\u00e7a para o futuro, mesmo numa conjuntura dif\u00edcil como a atual. As vendas do grupo Bosch em Portugal aumentaram 5% para 1,7 mil milh\u00f5es de euros no ano fiscal de 2021.<\/p>\n<p>Para al\u00e9m de outros projectos dedicados \u00e0 I&amp;D, o rec\u00e9m-criado Sensitive Industry \u00e9 um projecto estrat\u00e9gico para esta unidade, na medida em que permitir\u00e1 encontrar solu\u00e7\u00f5es ajustadas \u00e0s exig\u00eancias da Ind\u00fastria 4.0. Estas novas \u00e1reas, que representam um investimento de cerca 2,1 milh\u00e3o de euros, permitir\u00e1 maior e melhor capacidade para o desenvolvimento de actividades de I&amp;D, produ\u00e7\u00e3o e de suporte \u00e0 produ\u00e7\u00e3o. Cerca de 1.100 trabalhadores operam na f\u00e1brica portuguesa, adiantou ao Jornal de Neg\u00f3cios fonte oficial da empresa. O ano de 2017 marcou um m\u00e1ximo na produ\u00e7\u00e3o, com 97 milh\u00f5es de novos carros produzidos a n\u00edvel global. Depois do grupo ter fechado o \u00faltimo ano com um ligeiro crescimento das vendas em Portugal \u2013 1,7%, para 2,1 mil milh\u00f5es de euros -, Ribas nota que \u201co mercado est\u00e1 bastante inst\u00e1vel e numa fase de indefini\u00e7\u00e3o\u201d.<\/p>\n<p>Al\u00e9m disso, a eBike pode ser uma oportunidade para melhorar o planeamento das cidades, j\u00e1 que um espa\u00e7o de estacionamento acomoda de seis a oito bicicletas. Assumir este novo neg\u00f3cio numa \u00e1rea que tem provado o seu valor no mercado e sensibilizado um n\u00famero cada vez maior de pessoas um pouco por todo o mundo \u00e9, para n\u00f3s, mais uma forma de consolidar a competitividade das nossas atividades em Portugal no seio da Bosch.\u201d, explica Carlos Ribas, Representante do Grupo Bosch em Portugal. Para fazer face \u00e0s necessidades de crescimento da equipa, a Bosch est\u00e1 a recrutar para Ovar perfis diversos para \u00e1reas como engenharia e desenvolvimento de software, engenharia industrial, engenharia mec\u00e2nica, UX\/UI Design, entre outros. \u201cA cria\u00e7\u00e3o desta nova \u00e1rea de neg\u00f3cio na Bosch em Ovar permite-nos alicer\u00e7ar ainda mais a nossa diversifica\u00e7\u00e3o de portf\u00f3lio, incrementar as nossas compet\u00eancias e aprendizagens, e al\u00e9m disso desempenharmos um papel importante numa \u00e1rea que \u00e9 estrat\u00e9gica para o neg\u00f3cio da Bosch a n\u00edvel global\u201d, refere Ant\u00f3nio Pereira, administrador da Bosch Ovar. A Bosch tem f\u00e1bricas em Braga, Aveiro e Ovar e um centro de servi\u00e7os em Lisboa, onde emprega 3700, 1600, 1200 e 650 trabalhadores, respetivamente.<\/p>\n<p>A Bosch abriu vagas de para trabalhar nas unidades espalhadas pelo pa\u00eds e Ovar n\u00e3o \u00e9 excep\u00e7\u00e3o com Bosch uma oferta que chega \u00e0s 44 vagas de trabalho. Este investimento e a amplia\u00e7\u00e3o das instala\u00e7\u00f5es mostram a continuidade da aposta da Bosch em Portugal e, neste caso concreto, da regi\u00e3o de Ovar, significando tamb\u00e9m mais oportunidades para o futuro\u201d, explica Ant\u00f3nio Pereira, administrador da Bosch em Ovar. Um desses investimentos \u00e9 na f\u00e1brica de Ovar, a qual emprega mais de 1200 colaboradores na produ\u00e7\u00e3o. Desde a responsabilidade social e ecol\u00f3gica ao longo da cadeia de abastecimento, at\u00e9 o desenvolvimento de produtos e processos de produ\u00e7\u00e3o o mais sustent\u00e1veis poss\u00edvel. O grupo alem\u00e3o est\u00e1 ainda a planear a amplia\u00e7\u00e3o das instala\u00e7\u00f5es em Braga, com dois novos edif\u00edcios para aumentar a capacidade de produ\u00e7\u00e3o, de tecnologia e de investiga\u00e7\u00e3o e desenvolvimento (I&amp;D). Tamb\u00e9m est\u00e1 prevista a amplia\u00e7\u00e3o das unidades de Ovar \u2013 para albergar equipas de investiga\u00e7\u00e3o e desenvolvimento \u2013 e de Aveiro \u2013 com um novo edif\u00edcio para log\u00edstica e \u00e1reas comuns para os trabalhadores.<\/p>\n<p>Existindo ainda uma margem para expans\u00e3o\u201d, ou seja, os produtos s\u00e3o made in Portugal e continuar\u00e3o a ser, disse. Hoje esta unidade conta com um novo layout e est\u00e1 focada no novo recome\u00e7o. At\u00e9 porque, os investimentos e lan\u00e7amento de novos produtos ir\u00e3o continuar. A partir do segundo trimestre de 2024, concretamente \u201cem Abril e Maio iremos fechar o processo e trabalhar na nova empresa\u201d, destacou.<\/p>\n","protected":false},"excerpt":{"rendered":"<p>Content Segunda linha de bombas de calor em Aveiro Inc\u00eandio destr\u00f3i est\u00e1tua de Nossa Senhora de F\u00e1tima de 35 metros no Brasil Divis\u00e3o de seguran\u00e7a da Bosch d\u00e1 origem \u00e0 Keenfinity Schneider Electric impulsiona tecnologia energ\u00e9tica no Encontro Anual do F\u00f3rum Econ\u00f3mico Mundial CGD lucra 1,9 mil milh\u00f5es e d\u00e1 1,25 mil milh\u00f5es ao Estado [&hellip;]<\/p>\n","protected":false},"author":10,"featured_media":0,"comment_status":"open","ping_status":"open","sticky":false,"template":"","format":"standard","meta":{"footnotes":""},"categories":[285],"tags":[],"class_list":["post-79485","post","type-post","status-publish","format-standard","hentry","category-bosch-career-pt"],"_links":{"self":[{"href":"https:\/\/woodemo.webkul.in\/restaurant-pos-bundle\/wp-json\/wp\/v2\/posts\/79485","targetHints":{"allow":["GET"]}}],"collection":[{"href":"https:\/\/woodemo.webkul.in\/restaurant-pos-bundle\/wp-json\/wp\/v2\/posts"}],"about":[{"href":"https:\/\/woodemo.webkul.in\/restaurant-pos-bundle\/wp-json\/wp\/v2\/types\/post"}],"author":[{"embeddable":true,"href":"https:\/\/woodemo.webkul.in\/restaurant-pos-bundle\/wp-json\/wp\/v2\/users\/10"}],"replies":[{"embeddable":true,"href":"https:\/\/woodemo.webkul.in\/restaurant-pos-bundle\/wp-json\/wp\/v2\/comments?post=79485"}],"version-history":[{"count":1,"href":"https:\/\/woodemo.webkul.in\/restaurant-pos-bundle\/wp-json\/wp\/v2\/posts\/79485\/revisions"}],"predecessor-version":[{"id":79486,"href":"https:\/\/woodemo.webkul.in\/restaurant-pos-bundle\/wp-json\/wp\/v2\/posts\/79485\/revisions\/79486"}],"wp:attachment":[{"href":"https:\/\/woodemo.webkul.in\/restaurant-pos-bundle\/wp-json\/wp\/v2\/media?parent=79485"}],"wp:term":[{"taxonomy":"category","embeddable":true,"href":"https:\/\/woodemo.webkul.in\/restaurant-pos-bundle\/wp-json\/wp\/v2\/categories?post=79485"},{"taxonomy":"post_tag","embeddable":true,"href":"https:\/\/woodemo.webkul.in\/restaurant-pos-bundle\/wp-json\/wp\/v2\/tags?post=79485"}],"curies":[{"name":"wp","href":"https:\/\/api.w.org\/{rel}","templated":true}]}}