{"id":14033,"date":"2026-02-16T03:44:58","date_gmt":"2026-02-16T09:14:58","guid":{"rendered":"https:\/\/woodemo.webkul.in\/restaurant-pos-bundle\/?p=14033"},"modified":"2026-02-10T14:18:17","modified_gmt":"2026-02-10T19:48:17","slug":"kerstin-koditz-wikipedia-4","status":"publish","type":"post","link":"https:\/\/woodemo.webkul.in\/restaurant-pos-bundle\/kerstin-koditz-wikipedia-4\/","title":{"rendered":"Kerstin K\u00f6ditz Wikipedia"},"content":{"rendered":"<div id=\"toc\" style=\"background: #f9f9f9;border: 1px solid #aaa;display: table;margin-bottom: 1em;padding: 1em;width: 350px;\">\n<p class=\"toctitle\" style=\"font-weight: 700;text-align: center;\">Content<\/p>\n<ul class=\"toc_list\">\n<li><a href=\"#toc-0\">Einige Klassenkameraden von Kerstin\u00a0K\u00f6ditz<\/a><\/li>\n<li><a href=\"#toc-1\">Hallo Leipzig: So startet Montag, der 9. Februar 2026<\/a><\/li>\n<li><a href=\"#toc-2\">Russlandn\u00e4he auch ohne BSW in Grimma<\/a><\/li>\n<li><a href=\"#toc-3\">Geschichte des PDS-Teils<\/a><\/li>\n<li><a href=\"#toc-5\">Kostenpflichtig\ufeffZugewehte Stra\u00dfen im Landkreis Leipzig \u2013 diese Abschnitte sind besonders betroffen<\/a><\/li>\n<\/ul>\n<\/div>\n<p>Der Stadtrat von Grimma beschloss, das Recht der lang gedienten Linken-Politikerin Kerstin K\u00f6ditz auf den Verzicht ihres Stadtratsmandates nicht anzuerkennen. Die Fl\u00e4chennutzungsplanung geh\u00f6rt zu den Pflichtaufgaben der s\u00e4chsischen Kommunen i. Der Stadtrat von Grimma lehnte die Beschlussvorlage zur Feststellung des Ablehungsgrundes von Kerstin K\u00f6ditz (GRIMMA zeigt Kante \u2013 F\u00fcr Demokratie vor Ort) auf Mandatsverzicht ab. In der Angelegenheit Kerstin K\u00f6ditz schreitet nun das Landratsamt ein. Seit 2004 ist sie in ihrer Landtagsfraktion die Sprecherin f\u00fcr antifaschistische Politik.<\/p>\n<h2 id=\"toc-0\">Einige Klassenkameraden von Kerstin\u00a0K\u00f6ditz<\/h2>\n<ul>\n<li>Die Linken-Politikerin Kerstin K\u00f6ditz (57) r\u00e4umt nach 23 Jahren ihr Abgeordneten-B\u00fcro.<\/li>\n<li>So \u00fcberstand beispielsweise Lutz Heilmann nach seiner bekannt gewordenen T\u00e4tigkeit f\u00fcr das MfS eine Vertrauensabstimmung in seinem Landesverband knapp und wurde nicht aus der Bundestagsfraktion ausgeschlossen.<\/li>\n<li>Das Engagement wird partei\u00fcbergreifend honoriert.<\/li>\n<\/ul>\n<p>Kerstin K\u00f6ditz hatte nach der Kommunalwahl am 9. Neben der parteipolitischen Arbeit ist sie engagiert als Mitglied der Vereinten Dienstleistungsgewerkschaft (ver.di), Pro Asyl und der Vereinigung der Verfolgten des Naziregimes. Sie r\u00fcckte 2001 f\u00fcr Maria Gangloff in den S\u00e4chsischen Landtag ein und ist dort f\u00fcr die Linksfraktion Sprecherin f\u00fcr antifaschistische Politik. 2004 wurde sie Kreisr\u00e4tin und ist in der dortigen Linksfraktion stellvertretende Fraktionsvorsitzende.<\/p>\n<h3 id=\"toc-1\">Hallo Leipzig: So startet Montag, der 9. Februar 2026<\/h3>\n<p>Danach k\u00f6nnen parteiungebundene Pers\u00f6nlichkeiten weiterhin auf den Listen der Partei als Kandidaten aufgestellt werden, wenn sie den \u201eProgrammatischen Eckpunkten\u201c und den Wahlprogrammen der Partei verpflichtet sind und den dort formulierten Grunds\u00e4tzen nahestehen. Februar 2008 aufgrund umstrittener \u00c4u\u00dferungen zur Staatssicherheit aus der Linksfraktion ausgeschlossen. Januar 2008 in den nieders\u00e4chsischen Landtag gew\u00e4hlt worden war, wurde jedoch bereits am 18. Bei der Bundestagswahl 2005 zogen so Kandidaten der WASG auf Landeslisten der Linkspartei.PDS in den Bundestag ein.<\/p>\n<h3 id=\"toc-2\">Russlandn\u00e4he auch ohne BSW in Grimma<\/h3>\n<p>Damit stellte die Linkspartei die Fraktion mit dem prozentual h\u00f6chsten Frauenanteil der Wahlperiode. Zwei Drittel der Neumitglieder waren 35 Jahre alt oder j\u00fcnger. Die Linksfraktion setzt sich f\u00fcr eine Aufhebung des Verbots der sozialistischen Arbeiterpartei Kurdistans (PKK) ein.<\/p>\n<h2 id=\"toc-3\">Geschichte des PDS-Teils<\/h2>\n<p>Diese Parteitage werden nicht, wie in den anderen gro\u00dfen Bundesparteien \u00fcblich, fortlaufend nummeriert, sondern vielmehr gem\u00e4\u00df ihrer Wahlperiode. Das h\u00f6chste Gremium der Partei Die Linke auf Bundesebene ist der Bundesparteitag. Unterhalb der Landesebene gibt es vorrangig in Ostdeutschland Gebietsverb\u00e4nde, die Kreis-, Regional- oder Bezirksverband hei\u00dfen. Die Partei plant eine gesamtdeutsche Innovations-, Investitions- und Strukturpolitik, um die Unterschiede zwischen alten und neuen Bundesl\u00e4ndern zu verringern.<\/p>\n<p>Im Rahmen einer B\u00fcndnispolitik kandidierten bereits geraume Zeit vor der Verschmelzung von WASG und PDS Mitglieder anderer Parteien auf den Listen der PDS. Im Januar 2013 verfehlte sie den Wiedereinzug in den Landtag von Niedersachsen. Nach dem Parteiaustritt von Sahra Wagenknecht und <a href=\"https:\/\/kerstin-koeditz.de\/\">kerstin-koeditz.de<\/a> anderen l\u00f6ste sich die Bundestagsfraktion zum 6. Man wolle allerdings weiterhin mit der Linksfraktion im Berliner Abgeordnetenhaus zusammenarbeiten. Der Ex-Bundesvorsitzende Martin Schirdewan forderte eine Modernisierung der Linkspartei. Nachdem die Abgeordneten zwischenzeitlich fraktionslos gewesen waren, bildet Die Linke seit ihrer Anerkennung als solche am 2.<\/p>\n<h2 id=\"toc-4\">Kerstin K\u00f6ditz (Linke): Weiterhin zahlreiche rechtsmotivierte Straftaten in Sachsen<\/h2>\n<p>Deutschen Bundestag (2017 bis 2021) lag Die Linke im Frauenanteil mit 54\u00a0% und 37 weiblichen Abgeordneten wieder hinter B\u00fcndnis 90\/Die Gr\u00fcnen mit 58\u00a0% und 39 weiblichen Abgeordneten und hatte damit die Bundestagsfraktion mit dem zweith\u00f6chsten Frauenanteil. Die bisherige Verankerung der Partei in Ostdeutschland hat sich jedoch stark relativiert, 2017 waren bereits mehr Mitglieder in West- als in Ostdeutschland gemeldet. 70\u00a0% der Mitglieder der Linkspartei.PDS waren beim Zusammenschluss mit der WASG \u00fcber 60\u00a0Jahre, nur 3,3\u00a0% unter 30\u00a0Jahre alt.<\/p>\n<p>W\u00e4hrend die NPD mancherorts zweistellige Ergebnisse einfuhr, erreichte die ehemalige Volkspartei SPD vielerorts kaum f\u00fcnf Prozent. Sie leidet aktuell wie eh und je an harschen innerparteilichen Auseinandersetzungen und den Auswirkungen des vom ehemaligen Schatzmeister Erwin Kemna verursachten Finanzskandals. Jetzt mit Kerstin K\u00f6ditz Kontakt aufnehmen, Fotos ansehen und vieles mehr. Im Ergebnis der Wahl zum Stadtrat Grimma 2024 entfiel auf Kerstin K\u00f6ditz (GRIMMA zeigt Kante \u2013 F\u00fcr Demokratie vor Ort) ein Sitz im Stadtrat. Die Zahl rechtsmotivierter Straftaten an s\u00e4chsischen Schulen ist im vergangenen Jahr gestiegen. Als Chef der Kleinpartei \u201eFreie Sachsen\u201c ist er selbst ein Rechtsextremist.<\/p>\n<p>Nun verabschiedet sich die K\u00e4mpferin gegen Rechtsextremismus aus der Landespolitik. Die Linke-Abgeordnete Kerstin K\u00f6ditz hat mehr als zwei Jahrzehnte die Opposition mitbestimmt. V. und weitere- Sprecherin f\u00fcr Antifaschistische Politik der Fraktion DIE LINKE im Landtag und zust\u00e4ndig f\u00fcr Innenpolitikseit September 2001 Mitglied des Landtags<\/p>\n","protected":false},"excerpt":{"rendered":"<p>Content Einige Klassenkameraden von Kerstin\u00a0K\u00f6ditz Hallo Leipzig: So startet Montag, der 9. Februar 2026 Russlandn\u00e4he auch ohne BSW in Grimma Geschichte des PDS-Teils Kostenpflichtig\ufeffZugewehte Stra\u00dfen im Landkreis Leipzig \u2013 diese Abschnitte sind besonders betroffen Der Stadtrat von Grimma beschloss, das Recht der lang gedienten Linken-Politikerin Kerstin K\u00f6ditz auf den Verzicht ihres Stadtratsmandates nicht anzuerkennen. Die [&hellip;]<\/p>\n","protected":false},"author":10,"featured_media":0,"comment_status":"open","ping_status":"open","sticky":false,"template":"","format":"standard","meta":{"footnotes":""},"categories":[187],"tags":[],"class_list":["post-14033","post","type-post","status-publish","format-standard","hentry","category-kerstin-koeditz-de"],"_links":{"self":[{"href":"https:\/\/woodemo.webkul.in\/restaurant-pos-bundle\/wp-json\/wp\/v2\/posts\/14033","targetHints":{"allow":["GET"]}}],"collection":[{"href":"https:\/\/woodemo.webkul.in\/restaurant-pos-bundle\/wp-json\/wp\/v2\/posts"}],"about":[{"href":"https:\/\/woodemo.webkul.in\/restaurant-pos-bundle\/wp-json\/wp\/v2\/types\/post"}],"author":[{"embeddable":true,"href":"https:\/\/woodemo.webkul.in\/restaurant-pos-bundle\/wp-json\/wp\/v2\/users\/10"}],"replies":[{"embeddable":true,"href":"https:\/\/woodemo.webkul.in\/restaurant-pos-bundle\/wp-json\/wp\/v2\/comments?post=14033"}],"version-history":[{"count":1,"href":"https:\/\/woodemo.webkul.in\/restaurant-pos-bundle\/wp-json\/wp\/v2\/posts\/14033\/revisions"}],"predecessor-version":[{"id":14034,"href":"https:\/\/woodemo.webkul.in\/restaurant-pos-bundle\/wp-json\/wp\/v2\/posts\/14033\/revisions\/14034"}],"wp:attachment":[{"href":"https:\/\/woodemo.webkul.in\/restaurant-pos-bundle\/wp-json\/wp\/v2\/media?parent=14033"}],"wp:term":[{"taxonomy":"category","embeddable":true,"href":"https:\/\/woodemo.webkul.in\/restaurant-pos-bundle\/wp-json\/wp\/v2\/categories?post=14033"},{"taxonomy":"post_tag","embeddable":true,"href":"https:\/\/woodemo.webkul.in\/restaurant-pos-bundle\/wp-json\/wp\/v2\/tags?post=14033"}],"curies":[{"name":"wp","href":"https:\/\/api.w.org\/{rel}","templated":true}]}}