{"id":103817,"date":"2026-04-20T08:08:05","date_gmt":"2026-04-20T13:38:05","guid":{"rendered":"https:\/\/woodemo.webkul.in\/restaurant-pos-bundle\/?p=103817"},"modified":"2026-03-06T02:09:57","modified_gmt":"2026-03-06T07:39:57","slug":"cremego-reconhece-aemed-go-como-legitima-5","status":"publish","type":"post","link":"https:\/\/woodemo.webkul.in\/restaurant-pos-bundle\/cremego-reconhece-aemed-go-como-legitima-5\/","title":{"rendered":"Cremego reconhece Aemed-GO como leg\u00edtima representante dos acad\u00eamicos de medicina e estreita rela\u00e7\u00e3o com a entidade Portal M\u00e9dico"},"content":{"rendered":"<div id=\"toc\" style=\"background: #f9f9f9;border: 1px solid #aaa;display: table;margin-bottom: 1em;padding: 1em;width: 350px;\">\n<p class=\"toctitle\" style=\"font-weight: 700;text-align: center;\">Content<\/p>\n<ul class=\"toc_list\">\n<li><a href=\"#toc-0\">Porto Alegre, Rio Grande do Sul 18 seguidores<\/a><\/li>\n<li><a href=\"#toc-1\">DR. RENAN TUNALIO\u011eLU WRITES; CAN TURKISH PEOPLE CONSUME QUALITY OLIVE OIL?<\/a><\/li>\n<li><a href=\"#toc-2\">CONGRESSO DOS ESTUDANTES DE MEDICINA DO ESTADO DE S\u00c3O PAULO (CONASP<\/a><\/li>\n<li><a href=\"#toc-4\">Porto Alegre, Rio Grande do Sul 18 followers<\/a><\/li>\n<li><a href=\"#toc-5\">Conselheiros do CFM participam do Congresso Nacional dos Estudantes de Medicina 2025<\/a><\/li>\n<\/ul>\n<\/div>\n<p>O Que Dizem Sobre N\u00f3s A empresa de sa\u00fade corporativa BR MED anuncia a chegada de seu novo CMO Al\u00e9m de agendar, monitorar o atendimento e consultar o ASO e exames online, oferecemos umagest\u00e3o completa da sa\u00fade do seu <a href=\"https:\/\/aemedbr.com\/\">https:\/\/aemedbr.com\/<\/a> colaborador e transmiss\u00e3o para o\u00a0eSocial. @ Amms &#8211; Associa\u00e7\u00e3o M\u00e9dica de Mato Grosso do Sul Nos dias 12,13 e 14 de Setembro aconteceu o 14\u00b0 Congresso da Associa\u00e7\u00e3o M\u00e9dica de Mato Grosso do Sul.<\/p>\n<h2 id=\"toc-0\">Porto Alegre, Rio Grande do Sul 18 seguidores<\/h2>\n<p>Em caso de d\u00favidas, envie um e-mail para IFMSA &#8211; Federa\u00e7\u00e3o Internacional das Associa\u00e7\u00f5es dos Estudantes de Medicina do Brasil A Associa\u00e7\u00e3o Brasileira de Psiquiatria &#8211; ABP, possui um excelente hist\u00f3rico de lutas e conquistas em favor da especialidade, do m\u00e9dico psiquiatra e dos pacientes psiqui\u00e1tricos no pa\u00eds. A Vice-Presidente da AEMED \u2013 DF, Gabriella Gomes de Vilhena Toledo, e a Secret\u00e1ria Geral, Hyale Melo Lima, reafirmaram a parceria.<\/p>\n<h3 id=\"toc-1\">DR. RENAN TUNALIO\u011eLU WRITES; CAN TURKISH PEOPLE CONSUME QUALITY OLIVE OIL?<\/h3>\n<p>Permite o uso de plataformas de mensagens instant\u00e2neas para comunica\u00e7\u00e3o entre m\u00e9dicos e estudantes de medicina, em car\u00e1ter privativo, para enviar dados ou tirar d\u00favidas sobre pacientes. Convocamos TODOS os estudantes de medicina no Brasil para unirmos for\u00e7as e lutarmos contra esse GOLPE na sa\u00fade nacional. AMB &#8211; Associa\u00e7\u00e3o M\u00e9dica BrasileiraA Associa\u00e7\u00e3o M\u00e9dica Brasileira (AMB) reconhece a Associa\u00e7\u00e3o dos Estudantes de Medicina do Brasil (AEMED-BR) como a leg\u00edtima representante dos estudantes de medicina brasileiros. No per\u00edodo de 1970 a 2011 a popula\u00e7\u00e3o m\u00e9dica cresceu 530% no Brasil, enquanto a popula\u00e7\u00e3o brasileira teve um crescimento de 103%.\u2022 O Brasil \u00e9 o 2\u00b0 no mundo em escolas m\u00e9dicas com 336 escolas.<\/p>\n<h2 id=\"toc-2\">CONGRESSO DOS ESTUDANTES DE MEDICINA DO ESTADO DE S\u00c3O PAULO (CONASP<\/h2>\n<ul>\n<li>A primeira a\u00e7\u00e3o conjunta prevista \u00e9 a cria\u00e7\u00e3o de uma comiss\u00e3o mista, formada por representantes das duas institui\u00e7\u00f5es, com o objetivo de avaliar o funcionamento das escolas m\u00e9dicas goianas e propor melhorias nas condi\u00e7\u00f5es de ensino.<\/li>\n<li>Buscamos representar os acad\u00eamicos em quest\u00f5es pol\u00edticas e estudantis e acreditamos na coopera\u00e7\u00e3o entre estudantes, entidades m\u00e9dicas, escolas de Medicina e outras autoridades da esfera p\u00fablica e privada.<\/li>\n<li>Quer aprofundar seu conhecimento sobre alguma \u00e1rea espec\u00edfica?<\/li>\n<li>O Diretor Jur\u00eddico do SinMed\/MS, Dr. Valdir Shigueiro Siroma, tamb\u00e9m ressaltou o papel do sindicato na orienta\u00e7\u00e3o e defesa dos estudantes em quest\u00f5es trabalhistas e acad\u00eamicas.<\/li>\n<li>Estabelecida em julho de 2016, a Associa\u00e7\u00e3o dos Estudantes de Medicina de Santa Catarina (AEMED-SC) nasceu do anseio e da necessidade dos estudantes de medicina em terem, ainda durante a gradua\u00e7\u00e3o, voz e v\u00ed\u00adnculo formal junto a uma institui\u00e7\u00e3o pr\u00f3pria.<\/li>\n<li>Durante a apresenta\u00e7\u00e3o, o m\u00e9dico trouxe alguns dos principais benef\u00edcios fornecidos aos associados, como seguros, clube de benef\u00edcios, espa\u00e7os para loca\u00e7\u00e3o de eventos, Hotel Fazenda e Instituto de Ensino Superior, entre outros.<\/li>\n<\/ul>\n<p>O presidente do Sindicato, Dr. Tarc\u00edsio Campos, que tamb\u00e9m realizou atendimento volunt\u00e1rio, refor\u00e7ou a necessidade de colocar os estudantes pr\u00f3ximos aos pacientes, principalmente do SUS. Com cartazes, explicaram mais sobre algumas doen\u00e7as como diabetes, hipertens\u00e3o e tamb\u00e9m sobre a import\u00e2ncia da sa\u00fade mental. Durante o encontro, o presidente do CRM-PB reafirmou o compromisso de di\u00e1logos e a\u00e7\u00f5es em prol dos acad\u00eamicos de Medicina e, juntos, fizeram um balan\u00e7o do que foi realizado este ano e projetaram atividades para 2026. \u2022 Lutar por processos seletivos de resid\u00eancia justos e contribuintes da forma\u00e7\u00e3o do ser m\u00e9dico; al\u00e9m de prezar por resid\u00eancias mais dignas em conjunto a outras entidades.<\/p>\n<p>Mesa tem\u00e1tica sobre a abordagem correta frente \u00e0 casos de emerg\u00eancia Palestra sobre as principais doen\u00e7as exantem\u00e1ticas da inf\u00e2ncia Col\u00f3quio sobre os cuidados pr\u00e9-natal e puerp\u00e9rio, al\u00e9m do aleitamento materno<\/p>\n<p>O participante inscrito no congresso poder\u00e1 se inscrever no curso que mais se interessar sem custo adicional. Ser\u00e3o ofertados 3 (tr\u00eas) op\u00e7\u00f5es de minicursos pr\u00e9-congresso no dia 14 de mar\u00e7o na Sede da. M\u00e9dica, Pediatra e Gastroenterologista Pedi\u00e1trica da Secretaria de Sa\u00fade do DF &#8211; desde agosto de 2001, atualmente trabalha como m\u00e9dica Gastroenterologista Pedi\u00e1trica no Hospital da Crian\u00e7a de Bras\u00edlia Jos\u00e9 de Alencar.<\/p>\n<h2 id=\"toc-4\">Porto Alegre, Rio Grande do Sul 18 followers<\/h2>\n<p>O objetivo dessa gest\u00e3o \u00e9 integrar as faculdades do interior e ajudar com os projetos que v\u00e3o alavancar o curr\u00edculo, pois na hora da resid\u00eancia ajuda muito\u201d, pontuou Gabriel. Na pr\u00e1tica, s\u00e3o realizadas a\u00e7\u00f5es sociais, projetos de pesquisas, simp\u00f3sios, e cursos organizados pelos pr\u00f3prios estudantes. A associa\u00e7\u00e3o promove a\u00e7\u00f5es sociais, pesquisas, simp\u00f3sios e cursos, como o Simp\u00f3sio de Gest\u00e3o e Planejamento da Carreira. Contar com essa parceria nos d\u00e1 mais respaldo para ampliar nossa representatividade e buscar melhorias que impactam diretamente os futuros profissionais da medicina no estado.\u201d Um dos nossos principais focos ser\u00e1 expandir a atua\u00e7\u00e3o da AEMED-MS para as faculdades do interior, entendendo suas demandas e incluindo-as de forma mais efetiva em nossas iniciativas, para que todos os estudantes tenham acesso \u00e0s mesmas oportunidades.<\/p>\n<p>\u201cH\u00e1 uma tempestade perfeita, pois a nossa forma\u00e7\u00e3o e o nosso trabalho s\u00e3o muito estressantes. O painel tamb\u00e9m contou com a participa\u00e7\u00e3o do psiquiatra e professor de medicina da faculdade Cyro Martins Fernando Uberti. \u201cO diagn\u00f3stico m\u00e9dico \u00e9 um ato solit\u00e1rio e n\u00e3o pode ser compartilhado, como nossas responsabilidades tamb\u00e9m n\u00e3o o s\u00e3o\u201d, argumentou. O encontro \u00e9 promovido pela Associa\u00e7\u00e3o dos Estudantes de Medicina do Brasil (AEMED-BR) na sede do CFM, nesta quinta e sexta-feiras (2 e 3 de outubro). O estudante de medicina n\u00e3o pode receber honor\u00e1rios ou sal\u00e1rio pelo exerc\u00edcio de sua atividade acad\u00eamica institucional, com exce\u00e7\u00e3o de bolsas regulamentadas.<\/p>\n<h3 id=\"toc-5\">Conselheiros do CFM participam do Congresso Nacional dos Estudantes de Medicina 2025<\/h3>\n<p>O profissionalismo vai al\u00e9m do hospital, voc\u00ea sempre estar\u00e1 respeitando a medicina e, por fim, tenha respeito pela hierarquia\u201d, ensinou. Da\u00ed porque colocamos este componente no novo Manual da Publicidade M\u00e9dica, que prev\u00ea o uso das redes sociais para uma publicidade respons\u00e1vel das atividades m\u00e9dicas\u201d, afirmou. Fortes disse aos estudantes que o jovem m\u00e9dico enfrenta hoje uma realidade diferente daquela vivenciada h\u00e1 quem se formou h\u00e1 mais tempo. Em sua fala, ele argumentou que os m\u00e9dicos enfrentam hoje uma situa\u00e7\u00e3o dif\u00edcil, com a invas\u00e3o do ato m\u00e9dico. Considerado\u00a0um dos principais encontros do movimento estudantil m\u00e9dico do pa\u00eds, o evento ter\u00e1 palestras, workshops e pain\u00e9is conduzidos por m\u00e9dicos, docentes, influenciadores e profissionais renomados de diferentes \u00e1reas.<\/p>\n<p>Cerca de 50 estudantes participaram da a\u00e7\u00e3o que, segundo Filipe, foi a primeira da AEMED-PB. \u201cSempre sonhamos em realizar uma a\u00e7\u00e3o social e contar com uma estrutura como essa foi maravilhoso\u201d, ressaltou o presidente da AEMED-PB, Filipe Carlos. Os estudantes elogiaram a estrutura do evento, montada em um gin\u00e1sio de esportes da cidade. Os posts contam com eventos do estado e pa\u00eds inteiro, informa\u00e7\u00f5es atualizadas e not\u00edcias do mundo m\u00e9dico! O aluno que tenha interesse em fazer parte da associa\u00e7\u00e3o, precisa pagar valor simb\u00f3lico de R$ 49,90 por semestre e se inscrever no clube de benef\u00edcios at\u00e9 31 de mar\u00e7o.<\/p>\n","protected":false},"excerpt":{"rendered":"<p>Content Porto Alegre, Rio Grande do Sul 18 seguidores DR. RENAN TUNALIO\u011eLU WRITES; CAN TURKISH PEOPLE CONSUME QUALITY OLIVE OIL? CONGRESSO DOS ESTUDANTES DE MEDICINA DO ESTADO DE S\u00c3O PAULO (CONASP Porto Alegre, Rio Grande do Sul 18 followers Conselheiros do CFM participam do Congresso Nacional dos Estudantes de Medicina 2025 O Que Dizem Sobre [&hellip;]<\/p>\n","protected":false},"author":10,"featured_media":0,"comment_status":"open","ping_status":"open","sticky":false,"template":"","format":"standard","meta":{"footnotes":""},"categories":[394],"tags":[],"class_list":["post-103817","post","type-post","status-publish","format-standard","hentry","category-aemedbr-com"],"_links":{"self":[{"href":"https:\/\/woodemo.webkul.in\/restaurant-pos-bundle\/wp-json\/wp\/v2\/posts\/103817","targetHints":{"allow":["GET"]}}],"collection":[{"href":"https:\/\/woodemo.webkul.in\/restaurant-pos-bundle\/wp-json\/wp\/v2\/posts"}],"about":[{"href":"https:\/\/woodemo.webkul.in\/restaurant-pos-bundle\/wp-json\/wp\/v2\/types\/post"}],"author":[{"embeddable":true,"href":"https:\/\/woodemo.webkul.in\/restaurant-pos-bundle\/wp-json\/wp\/v2\/users\/10"}],"replies":[{"embeddable":true,"href":"https:\/\/woodemo.webkul.in\/restaurant-pos-bundle\/wp-json\/wp\/v2\/comments?post=103817"}],"version-history":[{"count":1,"href":"https:\/\/woodemo.webkul.in\/restaurant-pos-bundle\/wp-json\/wp\/v2\/posts\/103817\/revisions"}],"predecessor-version":[{"id":103818,"href":"https:\/\/woodemo.webkul.in\/restaurant-pos-bundle\/wp-json\/wp\/v2\/posts\/103817\/revisions\/103818"}],"wp:attachment":[{"href":"https:\/\/woodemo.webkul.in\/restaurant-pos-bundle\/wp-json\/wp\/v2\/media?parent=103817"}],"wp:term":[{"taxonomy":"category","embeddable":true,"href":"https:\/\/woodemo.webkul.in\/restaurant-pos-bundle\/wp-json\/wp\/v2\/categories?post=103817"},{"taxonomy":"post_tag","embeddable":true,"href":"https:\/\/woodemo.webkul.in\/restaurant-pos-bundle\/wp-json\/wp\/v2\/tags?post=103817"}],"curies":[{"name":"wp","href":"https:\/\/api.w.org\/{rel}","templated":true}]}}