{"id":103735,"date":"2026-03-20T11:19:21","date_gmt":"2026-03-20T16:49:21","guid":{"rendered":"https:\/\/woodemo.webkul.in\/restaurant-pos-bundle\/?p=103735"},"modified":"2026-03-05T23:15:45","modified_gmt":"2026-03-06T04:45:45","slug":"presidente-do-crm-pb-reune-se-com-representantes-4","status":"publish","type":"post","link":"https:\/\/woodemo.webkul.in\/restaurant-pos-bundle\/presidente-do-crm-pb-reune-se-com-representantes-4\/","title":{"rendered":"Presidente do CRM-PB re\u00fane-se com representantes da AEMED-PB"},"content":{"rendered":"<div id=\"toc\" style=\"background: #f9f9f9;border: 1px solid #aaa;display: table;margin-bottom: 1em;padding: 1em;width: 350px;\">\n<p class=\"toctitle\" style=\"font-weight: 700;text-align: center;\">Content<\/p>\n<ul class=\"toc_list\">\n<li><a href=\"#toc-0\">CFM debate qualidade e responsabilidades na forma\u00e7\u00e3o m\u00e9dica<\/a><\/li>\n<li><a href=\"#toc-1\">C\u00f3digo de \u00c9tica<\/a><\/li>\n<li><a href=\"#toc-2\">\u201cA Ess\u00eancia Simb\u00f3lica da Medicina\u201d<\/a><\/li>\n<li><a href=\"#toc-4\">I Simp\u00f3sio de Humanidades M\u00e9dicas da AEMED-ES<\/a><\/li>\n<li><a href=\"#toc-5\">Presidente da APM<\/a><\/li>\n<\/ul>\n<\/div>\n<p>O presidente da AEMED-PB, Pedro Augusto, juntamente com os outros estudantes, apresentou o planejamento de a\u00e7\u00e3o da associa\u00e7\u00e3o para 2024. Vinculada \u00e0 entidade nacional, que foi estabelecida em 2011, a associa\u00e7\u00e3o representa todas as faculdades de Mato Grosso do Sul e conta com uma gest\u00e3o composta por membros de diversas institui\u00e7\u00f5es. O presidente Jo\u00e3o Gabriel Pradebon, estudante da UFMS, destaca o foco na qualidade do ensino e defesa estudantil. A Associa\u00e7\u00e3o dos Estudantes de Medicina de Mato Grosso do Sul (AEMED-MS) atua h\u00e1 9 anos na defesa dos interesses acad\u00eamicos e na melhoria do ensino m\u00e9dico. H\u00e1 9 anos, a Aemed-MS (Associa\u00e7\u00e3o dos Estudantes de Medicina de Mato Grosso do Sul) tem atuado na defesa dos interesses acad\u00eamicos e na promo\u00e7\u00e3o da melhoria no ensino m\u00e9dico, ajudando alunos a se conectarem e a ficarem por dentro dessa \u00e1rea, que \u00e9 bem complexa. Al\u00e9m disso, buscamos fortalecer os la\u00e7os entre os acad\u00eamicos e as entidades m\u00e9dicas, promovendo um di\u00e1logo mais pr\u00f3ximo com institui\u00e7\u00f5es e sociedades da \u00e1rea.<\/p>\n<h2 id=\"toc-0\">CFM debate qualidade e responsabilidades na forma\u00e7\u00e3o m\u00e9dica<\/h2>\n<ul>\n<li>\u201cEntre as a\u00e7\u00f5es realizadas em 2023, participamos de um mutir\u00e3o de atendimentos de sa\u00fade em Cabedelo e levamos os estudantes selecionados pela AEMED-PB.<\/li>\n<li>\u2800Aproveite esse marco para uma pausa consciente.N\u00e3o \u00e9 sobre performance.<\/li>\n<li>Porque sa\u00fade tamb\u00e9m \u00e9 sobre amor, cuidado e preven\u00e7\u00e3o.<\/li>\n<li>No per\u00edodo de 1970 a 2011 a popula\u00e7\u00e3o m\u00e9dica cresceu 530% no Brasil, enquanto a popula\u00e7\u00e3o brasileira teve um crescimento de 103%.\u2022 O Brasil \u00e9 o 2\u00b0 no mundo em escolas m\u00e9dicas com 336 escolas.<\/li>\n<li>Em 2020 vamos ampliar nossas fronteiras e garantir ainda mais os direitos dos acad\u00eamicos pelo Brasil!!!<\/li>\n<li>Os representantes da IFMSA Brazil explicaram a diferen\u00e7a entre p\u00f3s-gradua\u00e7\u00e3o acad\u00eamica e forma\u00e7\u00e3o especializada, refor\u00e7ando o papel do RQE como o \u00fanico documento que autoriza um m\u00e9dico a se apresentar como especialista.<\/li>\n<\/ul>\n<p>Gradua\u00e7\u00e3o em Medicina pela Universidade Federal de Minas Gerais &#8211; UFMG (2016), resid\u00eancia m\u00e9dica em Psiquiatria pela Escola Superior de Ci\u00eancias da Sa\u00fade &#8211; ESCS no Hospital S\u00e3o Vicente de Paulo da SES\/DF (2021) e mestrado em Ci\u00eancias M\u00e9dicas pela Universidade de Bras\u00edlia &#8211; UnB (2024). M\u00e9dica pediatra neonatologista\u00a0pela Universidade Federal de Uberl\u00e2ndia.Membro dos departamentos cient\u00edficos de Neonatologia e de Aleitamento Materno da Sociedade de Pediatria do Distrito Federal\u00a0Respons\u00e1vel T\u00e9cnica do Banco de Leite Humano do Hospital Anchieta, Taguatinga DFProfessora assistente do internato de Medicina do CEUB Tem experi\u00eancia nas \u00e1reas de pediatria, doen\u00e7as infecciosas e parasit\u00e1rias, inform\u00e1tica m\u00e9dica, e epidemiologia cl\u00ednica. Atuou como pediatra no setor de doen\u00e7as infecciosas da inf\u00e2ncia no Hospital Regional de Taguatinga (SES\/DF) de 1992 a 2021 e atualmente \u00e9 docente do Centro Universit\u00e1rio do <a href=\"https:\/\/aemedbr.com\/\">aemedbr.com<\/a> Planalto Central Apparecido dos Santos (UNICEPLAC), onde tamb\u00e9m exerce a coordena\u00e7\u00e3o geral do curso de medicina.<\/p>\n<h3 id=\"toc-1\">C\u00f3digo de \u00c9tica<\/h3>\n<p>Naquela \u00e9poca, j\u00e1 existia a Academia de Medicina de S\u00e3o Paulo, mas como toda Academia, o n\u00famero de cadeiras \u00e9 limitado, enquanto a quantidade de m\u00e9dicos aumentava\u201d, relembrou. Ao final da sua apresenta\u00e7\u00e3o, ele deu alguns passos que devem ser seguidos pelos estudantes de medicina. Na sua palestra, o conselheiro federal pelo Mato Grosso do Sul, Diogo Sampaio apresentou quatro exemplos de situa\u00e7\u00f5es envolvendo estudantes e profissionais de medicina que apresentaram comportamentos criticados pela imprensa e pelas redes sociais. Com o encontro, o objetivo da Aemed\u00a0\u00e9 promover reflex\u00e3o e debate sobre temas relacionados \u00e0 inova\u00e7\u00e3o, equil\u00edbrio e prop\u00f3sito na forma\u00e7\u00e3o m\u00e9dica no Brasil. Vis\u00e3o humanista \u2013 Sobre o estudo e a pr\u00e1tica m\u00e9dica, o diretor do CFM desejou que os estudantes aprendessem bem a ci\u00eancia e todas as t\u00e9cnicas, mas n\u00e3o perdessem o humanismo.<\/p>\n<h3 id=\"toc-2\">\u201cA Ess\u00eancia Simb\u00f3lica da Medicina\u201d<\/h3>\n<p>O I CONEM ser\u00e1 um evento totalmente online, gratuito e que ter\u00e1 por objetivo promover o ensino m\u00e9dico de qualidade, integrar e unificar os estudantes de medicina das 5 regi\u00f5es do pa\u00eds. A justificativa seria a de que os m\u00e9dicos brasileiros n\u00e3o est\u00e3o dispostos a atender em locais remotos, vis\u00e3o refutada pela entidade; &#8211; um dos destaques aprovados no relat\u00f3rio, de autoria do deputado Alexandre Padilha (PT-SP), ainda permite a cria\u00e7\u00e3o de cons\u00f3rcios estaduais e municipais para realizar diretamente contrata\u00e7\u00f5es do M\u00e9dicos pelo Brasil, precarizando mais uma vez o sistema de contrata\u00e7\u00e3o. Maria Jos\u00e9 Martins Maldonado, do Vice Presidente da AMB Dr. Diogo Sampaio, o primeiro Presidente da ABLAM em sua funda\u00e7\u00e3o e membro da Sociedade Brasileira de Cirurgia Pl\u00e1stica (SBCP) com co-participa\u00e7\u00e3o em entidades de n\u00edvel internacional que tratam de temas m\u00e9dicos Dr. Nivio Lemos Moreira J\u00fanior. Mantidos os vetos presidenciais 53 e 54, os quais garantem a manuten\u00e7\u00e3o do processo de revalida\u00e7\u00e3o de diplomas m\u00e9dicos em institui\u00e7\u00f5es p\u00fablicas de ensino, impedindo a entrada sem controle de profissionais mal formados em medicina no exterior. Na quinta-feira a medicina brasileira foi v\u00edtima do oportunismo pol\u00edtico.<\/p>\n<p>Tamb\u00e9m, atrav\u00e9s destas experi\u00eancias, criou um m\u00e9todo para planejamento de carreira durante a gradua\u00e7\u00e3o para o estudante de medicina, onde fornece mentoria com objetivos \u00e0 curto, m\u00e9dio e longo prazo, como por exemplo a estrutura\u00e7\u00e3o de um planejamento para todos os 6 anos de gradua\u00e7\u00e3o e o acompanhamento deste planejamento ao longo destes anos. Atualmente, tamb\u00e9m \u00e9 um dos membros da Comiss\u00e3o de Integra\u00e7\u00e3o do M\u00e9dico Jovem do Conselho Federal de Medicina &#8211; CFM e Mestrando em Cirurgia Translacional no Programa de P\u00f3s Gradua\u00e7\u00e3o da UNIFESP &#8211; Escola Paulista de Medicina. Nestas pesquisas, \u00e9 membro e colaborador de grupos de pesquisas no Brasil e nos EUA, membro do MB Research Group e recentemente iniciou sua participa\u00e7\u00e3o como colaborador externo do Global Neurosurgery Lab &#8211; PGSSC &#8211; Harvard Medical School. Dr. Marcio Yuri Ferreira \u00e9 m\u00e9dico, casado e pai de fam\u00edlia. Caso alguma informa\u00e7\u00e3o publicada identifique uma pessoa natural ou seja considerada inadequada por qualquer motivo, o usu\u00e1rio poder\u00e1 solicitar sua remo\u00e7\u00e3o a qualquer momento, e o pedido ser\u00e1 prontamente analisado e atendido. Para Amaral, sua participa\u00e7\u00e3o do Conasp constitui em uma grande empolga\u00e7\u00e3o por estar falando para uma plateia repleta de jovens estudantes.<\/p>\n<p>Infelizmente a MP recebeu emendas que podem trazer consequ\u00eancias graves a sa\u00fade da popula\u00e7\u00e3o! AEMED-MS representada pelo Vice-presidente Udenilson Nunes (UFMS\/CG) e pela Diretora Financeira Mylena Delamare (UNIDERP). CONTAMOS COM A SUA PRESEN\u00c7A E PARTICIPA\u00c7\u00c3O PARA JUNTOS TERMOS \u00caXITO EM NOSSAS REIVINDICA\u00c7\u00d5ES.Via .br . Em 2020 vamos ampliar nossas fronteiras e garantir ainda mais os direitos dos acad\u00eamicos pelo Brasil!!! A nova diretoria da ABLAM se inicia desta vez com dois membros pertencentes ao estado de Mato Grosso do Sul e s\u00e3o o j\u00e1 citado tamb\u00e9m diretor de rela\u00e7\u00f5es externas da AEMED-MS e o acad\u00eamico Antonio Jos\u00e9 Corr\u00eaa da Costa Neto que se tornou o atual tesoureiro da ABLAM. A posse ocorreu na Associa\u00e7\u00e3o M\u00e9dica Brasileira em sua sede na cidade de S\u00e3o Paulo capital e neste dia puderam contar com membros da antiga diretoria, como a ex Presidente da ABLAM Priscilla Costa que transfere o cargo para Veridiana Louren\u00e7o Tavares Santos e Soraia Quaranta Dami\u00e3o ex secret\u00e1ria da entidade.<\/p>\n<h2 id=\"toc-4\">I Simp\u00f3sio de Humanidades M\u00e9dicas da AEMED-ES<\/h2>\n<p>\u2022 \u2022 \u2022 \u2022 \u2022 \u2022O CFM convida os m\u00e9dicos a encaminharem mensagens sensibilizando os parlamentares na vota\u00e7\u00e3o de vetos do Presidente Bolsonaro. Essa vit\u00f3ria n\u00e3o \u00e9 apenas para a medicina mas, principalmente, para a popula\u00e7\u00e3o que recebe os servi\u00e7os de sa\u00fade, garantindo maior seguran\u00e7a e qualidade no atendimento prestado. Parabenizamos os senhores pela lideran\u00e7a e por todo o trabalho, por meio da AMB, no combate \u00e0s fraudes no processo de revalida\u00e7\u00e3o e \u00e0 abertura desenfreada de escolas m\u00e9dicas de p\u00e9ssima qualidade. Esse projeto de lei permitir\u00e1 que formados em medicina no exterior atuem na sa\u00fade p\u00fablica sem a necessidade de qualquer avalia\u00e7\u00e3o que certifique a profici\u00eancia desses formados ou sem a necessidade de comprova\u00e7\u00e3o do registro no CRM. Maria Jos\u00e9 Maldonado estiveram em reuni\u00e3o com o prefeito de Campo Grande, MS, Marquinhos Trad e com o Secret\u00e1rio Municipal de Sa\u00fade Dr. Jos\u00e9 Mauro.Na ocasi\u00e3o foram entregues os of\u00edcios solicitando a vacina\u00e7\u00e3o contra a COVID-19 dos estudantes do 3\u00b0, 4\u00b0, 5\u00b0 e 6\u00b0 ano dos cursos de medicina da Capital Sul Mato-grossense.Al\u00e9m disso, frisou-se a urg\u00eancia desse processo de vacina\u00e7\u00e3o, visto que tais estudantes encontram-se em plenas atividades de seus est\u00e1gios pr\u00e1ticos. Defender o exerc\u00edcio da medicina com qualidade, \u00e9tica e dignidade, proporcionando, \u00e0 popula\u00e7\u00e3o e aos profissionais de sa\u00fade satisfa\u00e7\u00e3o de suas necessidades.<\/p>\n<h3 id=\"toc-5\">Presidente da APM<\/h3>\n<p>De acordo com o m\u00e9dico, a d\u00e9cada de 1930 foi repleta de tens\u00f5es em todo o Brasil \u2013 acompanhadas por movimento de revolu\u00e7\u00e3o e guerras que afligiam o territ\u00f3rio nacional. Abordando o tema \u201cA hist\u00f3ria da Associa\u00e7\u00e3o Paulista de Medicina e os benef\u00edcios de ser um associado\u201d, o presidente da APM, Jos\u00e9 Luiz Gomes do Amaral, foi um dos palestrantes do Congresso dos Estudantes de Medicina do Estado de S\u00e3o Paulo (Conasp 2023), realizado no \u00faltimo s\u00e1bado, 11 de novembro. O evento, organizado pela Associa\u00e7\u00e3o dos Estudantes de Medicina do Estado de S\u00e3o Paulo (Aemed-SP), contou com diferentes apresenta\u00e7\u00f5es com temas que contribuem para o aprimoramento dos jovens m\u00e9dicos Este painel contou tamb\u00e9m com a participa\u00e7\u00e3o do advogado especialista em Direito M\u00e9dico Val\u00e9rio Ribeiro, que deu alguns conselhos para que os m\u00e9dicos n\u00e3o sejam penalizados em processos administrativos ou c\u00edveis.<\/p>\n<p>A AEMED-MS, que atua como um departamento cient\u00edfico da AMMS e \u00e9 filiada \u00e0 Associa\u00e7\u00e3o dos Estudantes de Medicina do Brasil (AEMED-BR), tem como miss\u00e3o promover a excel\u00eancia na forma\u00e7\u00e3o m\u00e9dica por meio de eventos, cursos, pesquisas e a\u00e7\u00f5es sociais. Queremos garantir que os estudantes tenham acesso \u00e0 informa\u00e7\u00e3o e ao suporte necess\u00e1rio para que iniciem suas carreiras com seguran\u00e7a e respaldo legal\u201d, disse. Ele tamb\u00e9m falou sobre a miss\u00e3o, vis\u00e3o e valores da institui\u00e7\u00e3o, al\u00e9m de destacar a forte atua\u00e7\u00e3o p\u00fablica e pol\u00edtica que a APM possui diante da sociedade, principalmente ao representar os interesses da classe m\u00e9dica junto aos parlamentares. \u201cAmbos, com sua lideran\u00e7a, conseguiram reunir os m\u00e9dicos de S\u00e3o Paulo e construir esta Associa\u00e7\u00e3o, que se tornou o ber\u00e7o de muitas outras.\u201d \u201cAssim, os m\u00e9dicos de S\u00e3o Paulo se juntaram e entenderam que era necess\u00e1rio que eles se organizassem, para que mais for\u00e7as pudessem fazer face \u00e0s tantas necessidades que existiam e que vivenciavam naquele per\u00edodo.<\/p>\n","protected":false},"excerpt":{"rendered":"<p>Content CFM debate qualidade e responsabilidades na forma\u00e7\u00e3o m\u00e9dica C\u00f3digo de \u00c9tica \u201cA Ess\u00eancia Simb\u00f3lica da Medicina\u201d I Simp\u00f3sio de Humanidades M\u00e9dicas da AEMED-ES Presidente da APM O presidente da AEMED-PB, Pedro Augusto, juntamente com os outros estudantes, apresentou o planejamento de a\u00e7\u00e3o da associa\u00e7\u00e3o para 2024. Vinculada \u00e0 entidade nacional, que foi estabelecida em [&hellip;]<\/p>\n","protected":false},"author":10,"featured_media":0,"comment_status":"open","ping_status":"open","sticky":false,"template":"","format":"standard","meta":{"footnotes":""},"categories":[394],"tags":[],"class_list":["post-103735","post","type-post","status-publish","format-standard","hentry","category-aemedbr-com"],"_links":{"self":[{"href":"https:\/\/woodemo.webkul.in\/restaurant-pos-bundle\/wp-json\/wp\/v2\/posts\/103735","targetHints":{"allow":["GET"]}}],"collection":[{"href":"https:\/\/woodemo.webkul.in\/restaurant-pos-bundle\/wp-json\/wp\/v2\/posts"}],"about":[{"href":"https:\/\/woodemo.webkul.in\/restaurant-pos-bundle\/wp-json\/wp\/v2\/types\/post"}],"author":[{"embeddable":true,"href":"https:\/\/woodemo.webkul.in\/restaurant-pos-bundle\/wp-json\/wp\/v2\/users\/10"}],"replies":[{"embeddable":true,"href":"https:\/\/woodemo.webkul.in\/restaurant-pos-bundle\/wp-json\/wp\/v2\/comments?post=103735"}],"version-history":[{"count":1,"href":"https:\/\/woodemo.webkul.in\/restaurant-pos-bundle\/wp-json\/wp\/v2\/posts\/103735\/revisions"}],"predecessor-version":[{"id":103736,"href":"https:\/\/woodemo.webkul.in\/restaurant-pos-bundle\/wp-json\/wp\/v2\/posts\/103735\/revisions\/103736"}],"wp:attachment":[{"href":"https:\/\/woodemo.webkul.in\/restaurant-pos-bundle\/wp-json\/wp\/v2\/media?parent=103735"}],"wp:term":[{"taxonomy":"category","embeddable":true,"href":"https:\/\/woodemo.webkul.in\/restaurant-pos-bundle\/wp-json\/wp\/v2\/categories?post=103735"},{"taxonomy":"post_tag","embeddable":true,"href":"https:\/\/woodemo.webkul.in\/restaurant-pos-bundle\/wp-json\/wp\/v2\/tags?post=103735"}],"curies":[{"name":"wp","href":"https:\/\/api.w.org\/{rel}","templated":true}]}}