{"id":103726,"date":"2026-03-20T12:03:10","date_gmt":"2026-03-20T17:33:10","guid":{"rendered":"https:\/\/woodemo.webkul.in\/restaurant-pos-bundle\/?p=103726"},"modified":"2026-03-05T22:53:14","modified_gmt":"2026-03-06T04:23:14","slug":"academia-de-fotografia-com-50-de-desconto-promocao","status":"publish","type":"post","link":"https:\/\/woodemo.webkul.in\/restaurant-pos-bundle\/academia-de-fotografia-com-50-de-desconto-promocao\/","title":{"rendered":"Academia de Fotografia com 50% DE DESCONTO Promo\u00e7\u00e3o 2024 Cara Da Foto"},"content":{"rendered":"<div id=\"toc\" style=\"background: #f9f9f9;border: 1px solid #aaa;display: table;margin-bottom: 1em;padding: 1em;width: 350px;\">\n<p class=\"toctitle\" style=\"font-weight: 700;text-align: center;\">Content<\/p>\n<ul class=\"toc_list\">\n<li><a href=\"#toc-1\">Fotografia \u00e9 5% equipamento e 95% t\u00e9cnica!<\/a><\/li>\n<li><a href=\"#toc-2\">da academia de fotografia<\/a><\/li>\n<li><a href=\"#toc-3\">Que estilos de fotografia vou aprender?<\/a><\/li>\n<\/ul>\n<\/div>\n<p>Com o modelo de acesso compartilhado do REI DOS CURSOS, voc\u00ea investe menos e recebe mais. Com videoaulas de qualidade e materiais coplementares, voc\u00ea se prepara para reinar onde estiver. A viver mais intensamente atrav\u00e9s desta arte sensacional!<\/p>\n<p>Isso se deve, em grande parte, porque as pessoas cada vez mais est\u00e3o em busca de realiza\u00e7\u00e3o pessoal e profissional. Desenvolver o olhar fotogr\u00e1fico e a criatividade para capturar imagens \u00fanicas e expressivas, Eeceber feedback e orienta\u00e7\u00e3o de profissionais experientes e qualificados. Al\u00e9m do mais, voc\u00ea precisa ter esses equipamentos para obter um bom aproveitamento do curso. Dessa forma, \u00e9 essencial que voc\u00ea tenha em mente que tipo de aparelho voc\u00ea deseja aprender a usar.<\/p>\n<h2 id=\"toc-0\">O que os Alunos Dizem:<\/h2>\n<p>Ap\u00f3s a inscri\u00e7\u00e3o voc\u00ea nunca mais precisar\u00e1 pagar mais nada para ter acesso ao curso e atualiza\u00e7\u00f5es de aulas. Fique tranquilo, o curso ficar\u00e1 dispon\u00edvel para voc\u00ea por 2 anos e voc\u00ea ter\u00e1 acesso a todas as aulas para assistir quando e onde quiser. \u201cAprender os aspectos t\u00e9cnicos por detr\u00e1s da arte da fotografia \u00e9, no m\u00ednimo, desafiador.<\/p>\n<h3 id=\"toc-1\">Fotografia \u00e9 5% equipamento e 95% t\u00e9cnica!<\/h3>\n<p>Caso voc\u00ea n\u00e3o conhe\u00e7a isso muito bem ainda, coloque sua c\u00e2mera para tirar fotos em formato RAW agora e voc\u00ea ser\u00e1 muito agradecido no futuro. S\u00e3o mais de 25 horas de curso em mais de 100 v\u00eddeo-aulas, com acesso vital\u00edcio ao conte\u00fado e certificado ao concluir! CONVERTENDO PARA PRETO &amp; BRANCO Converter uma foto para preto e branco quase nunca \u00e9 uma escolha f\u00e1cil de se fazer, por\u00e9m quando bem aplicada, resulta em fotos muito melhores. S\u00e3o sempre melhores de se processar fotos que sejam levemente mais escuras, do que claras. Ela foi eleita uma das melhores fotos de 2015 pela comunidade do<\/p>\n<h2 id=\"toc-2\">da academia de fotografia<\/h2>\n<p>Eu j\u00e1 revolucionei a fotografia de mais de 40 MIL alunos e agora \u00e9 a sua vez! Cursos b\u00e1sicos podem algo em torno de R$30,00 (como os cursos da Domestika), enquanto cursos mais avan\u00e7ados e especializados podem chegar a milhares de reais. \u00c9 definitivamente o curso que voc\u00ea precisa para profissionalizar sua carreira como fot\u00f3grafo e seguir o rumo certo. Como criativos, focamos bastante em criar, em fotografar, e esquecemos de que se queremos trabalhar com fotografia, precisamos tratar a fotografia tamb\u00e9m como um trabalho. Uma parte que muitos fot\u00f3grafos \u2013 incluindo eu \u2013\u00a0negligenciam \u00e9 o lado mais \u201cbusiness\u201d da sua carreira.<\/p>\n<ul>\n<li>Algumas pessoas tem d\u00favidas a respeito do Curso Master Cara da Foto, se ele realmente funciona para quem deseja aprender sobre fotografia digital&#8230;<\/li>\n<li>CaraDaFoto.com.br Ap\u00f3s a aplica\u00e7\u00e3o desse filtro radial, podemos ajustar tamb\u00e9m as cores j\u00e1 que essa \u00e9 uma \u00e1rea de bastante defici\u00eancia na foto original captada pela c\u00e2mera.<\/li>\n<li>O Casal da Foto est\u00e1 sempre atualizando seu conte\u00fado com v\u00eddeos gratuitos no YouTube, artigos no blog, v\u00eddeos no Instagram, workshops gratuitos e cursos.<\/li>\n<li>Recomendamos fortemente que voc\u00ea repita o nosso teste na sua pr\u00f3pria cozinha e veja como \u00e9 f\u00e1cil dominar o tempo em suas fotos.<\/li>\n<li>Nesse modo, ela ir\u00e1 tentar adivinhar qual a melhor exposi\u00e7\u00e3o para determinada circunst\u00e2ncia.<\/li>\n<\/ul>\n<h3 id=\"toc-3\">Que estilos de fotografia vou aprender?<\/h3>\n<p>O m\u00f3dulo de p\u00f3s-processamento ensina ajustes que transformam fotos comuns em imagens impressionantes. Por isso, reunimos uma lista com os cursos mais atualizados de 2025, avaliando a opini\u00e3o dos alunos, os valores e os recursos oferecidos. A demanda por fotos de qualidade cresce nos setores de publicidade, moda e eventos, tornando a especializa\u00e7\u00e3o essencial para o sucesso. Vai ser um enorme prazer ter voc\u00ea tamb\u00e9m na nossa grande fam\u00edlia de alunos apaixonados por fotografia &amp;#128578; Tome agora a decis\u00e3o de levar sua fotografia ainda mais longe com a Academia de Fotografia aproveitando esse baita desconto especial para a Black Friday Foi um prazer estar aqui com voc\u00ea e poder ter compartilhado as bases iniciais da fotografia digital contigo.<\/p>\n<p>O resultado desse ajuste dever\u00e1 ser uma foto um mais intensa, com melhor luminosidade. CaraDaFoto.com.br FOTO 1 \u2013 JARDIM BOT\u00c2NICO (RODRIGO) Para come\u00e7ar, iremos direto \u00e0s fotos capturadas pelo Rodrigo em nossa primeira parada do dia no Jardim Bot\u00e2nico. O que estamos dizendo \u00e9 que n\u00e3o cabe \u00e0 c\u00e2mera decidir quanto do amarelo essa foto deveria ter, por exemplo. CaraDaFoto.com.br At\u00e9 mesmo direto da c\u00e2mera, conseguimos ver a gal\u00e1xia imediatamente acima da igreja, resultando em uma foto at\u00e9 dif\u00edcil de se acreditar.<\/p>\n<p>O primeiro passo \u00e9, portanto, alterar o modo de TV para Manual e experimentar valores at\u00e9 obtermos uma exposi\u00e7\u00e3o ideal. Mas estamos confiantes de que a ilumina\u00e7\u00e3o vinda do sol ir\u00e1 dar uma cor bonita nas nuvens e resultar em uma bela foto. CaraDaFoto.com.br Agora, sempre que voc\u00ea depende <a href=\"https:\/\/cursocaradafoto.net\/\">cursocaradafoto.net<\/a> do clima como fator determinante para uma foto, voc\u00ea joga com probabilidades. Seria um pecado n\u00e3o tirar proveito dessa ilumina\u00e7\u00e3o fant\u00e1stica.<\/p>\n<p>Ap\u00f3s o t\u00e9rmino do curso, voc\u00ea receber\u00e1 um lindo certificado que pode ser muito \u00fatil se pretende conseguir algum emprego na \u00e1rea ou ser freelancer em algum evento, mas com as t\u00e9cnicas ensinadas no curso dos caras da fotografia a \u00faltima coisa que voc\u00ea vai querer \u00e9 trabalhar para os outros. Foi pela vontade de ajudar fot\u00f3grafos a se encontrarem na fotografia autoral que criamos este curso. Se voc\u00ea \u00e9 iniciante no mundo da fotografia e quer aprimorar suas habilidades, esses cursos gratuitos e pagos s\u00e3o uma \u00f3tima maneira de come\u00e7ar. Com uma abordagem pr\u00e1tica e focada em direitos, este curso \u00e9 essencial para fot\u00f3grafos que desejam entender como proteger suas imagens online e respeitar as leis de direitos autorais. Este curso de fotografia gratuito da Funda\u00e7\u00e3o Get\u00falio Vargas aborda a rela\u00e7\u00e3o entre fotografia e direitos de imagem na internet.<\/p>\n<p>Esse modo \u00e9 muito pr\u00e1tico e voc\u00ea entender\u00e1 melhor os benef\u00edcios dele mais para frente. A velocidade do obturador ser\u00e1 controlada automaticamente pela c\u00e2mera. A abertura do diafragma a c\u00e2mera escolhe automaticamente. A maioria das pessoas fotografam assim e n\u00f3s absolutamente odiamos esse fato. Nesse modo, ela ir\u00e1 tentar adivinhar qual a melhor exposi\u00e7\u00e3o para determinada circunst\u00e2ncia.<\/p>\n<p>Este curso \u00e9 ideal para quem deseja construir uma base s\u00f3lida na fotografia e criar relacionamentos na sua cidade ou proximidades, j\u00e1 que o curso \u00e9 presencial. Ele abrange os conceitos b\u00e1sicos de fotografia digital, como uso correto de c\u00e2meras DSLR, composi\u00e7\u00e3o e ilumina\u00e7\u00e3o. Com foco em fotografia institucional, este curso aborda como capturar imagens que representem adequadamente empresas e institui\u00e7\u00f5es, assim como eventos e confer\u00eancias de empresas.<\/p>\n<p>Por\u00e9m, o curso vai al\u00e9m e ajuda o fot\u00f3grafo a desenvolver seu instinto art\u00edstico. A estrutura das aulas \u00e9 bem organizada, sem falhas no conte\u00fado, garantindo aprendizado fluido e eficiente. Este curso oferece um aprendizado f\u00e1cil e pr\u00e1tico, ideal para quem deseja aprimorar suas habilidades fotogr\u00e1ficas com o celular. Assim, al\u00e9m de ensinar os conceitos b\u00e1sicos da fotografia, ele tamb\u00e9m instrui sobre como e onde encontrar clientes e sobre outros processos comerciais da \u00e1rea. Primeiramente, esse curso \u00e9 ministrado pelo fot\u00f3grafo Valdeon Almeida, que tem mais de 12 anos de experi\u00eancia na \u00e1rea.<\/p>\n","protected":false},"excerpt":{"rendered":"<p>Content Fotografia \u00e9 5% equipamento e 95% t\u00e9cnica! da academia de fotografia Que estilos de fotografia vou aprender? Com o modelo de acesso compartilhado do REI DOS CURSOS, voc\u00ea investe menos e recebe mais. Com videoaulas de qualidade e materiais coplementares, voc\u00ea se prepara para reinar onde estiver. A viver mais intensamente atrav\u00e9s desta arte [&hellip;]<\/p>\n","protected":false},"author":10,"featured_media":0,"comment_status":"open","ping_status":"open","sticky":false,"template":"","format":"standard","meta":{"footnotes":""},"categories":[393],"tags":[],"class_list":["post-103726","post","type-post","status-publish","format-standard","hentry","category-cursocaradafoto-net"],"_links":{"self":[{"href":"https:\/\/woodemo.webkul.in\/restaurant-pos-bundle\/wp-json\/wp\/v2\/posts\/103726","targetHints":{"allow":["GET"]}}],"collection":[{"href":"https:\/\/woodemo.webkul.in\/restaurant-pos-bundle\/wp-json\/wp\/v2\/posts"}],"about":[{"href":"https:\/\/woodemo.webkul.in\/restaurant-pos-bundle\/wp-json\/wp\/v2\/types\/post"}],"author":[{"embeddable":true,"href":"https:\/\/woodemo.webkul.in\/restaurant-pos-bundle\/wp-json\/wp\/v2\/users\/10"}],"replies":[{"embeddable":true,"href":"https:\/\/woodemo.webkul.in\/restaurant-pos-bundle\/wp-json\/wp\/v2\/comments?post=103726"}],"version-history":[{"count":1,"href":"https:\/\/woodemo.webkul.in\/restaurant-pos-bundle\/wp-json\/wp\/v2\/posts\/103726\/revisions"}],"predecessor-version":[{"id":103727,"href":"https:\/\/woodemo.webkul.in\/restaurant-pos-bundle\/wp-json\/wp\/v2\/posts\/103726\/revisions\/103727"}],"wp:attachment":[{"href":"https:\/\/woodemo.webkul.in\/restaurant-pos-bundle\/wp-json\/wp\/v2\/media?parent=103726"}],"wp:term":[{"taxonomy":"category","embeddable":true,"href":"https:\/\/woodemo.webkul.in\/restaurant-pos-bundle\/wp-json\/wp\/v2\/categories?post=103726"},{"taxonomy":"post_tag","embeddable":true,"href":"https:\/\/woodemo.webkul.in\/restaurant-pos-bundle\/wp-json\/wp\/v2\/tags?post=103726"}],"curies":[{"name":"wp","href":"https:\/\/api.w.org\/{rel}","templated":true}]}}