{"id":103280,"date":"2026-04-15T05:06:48","date_gmt":"2026-04-15T10:36:48","guid":{"rendered":"https:\/\/woodemo.webkul.in\/restaurant-pos-bundle\/?p=103280"},"modified":"2026-03-05T19:00:11","modified_gmt":"2026-03-06T00:30:11","slug":"voce-procura-por-5","status":"publish","type":"post","link":"https:\/\/woodemo.webkul.in\/restaurant-pos-bundle\/voce-procura-por-5\/","title":{"rendered":"Voc\u00ea procura por"},"content":{"rendered":"<div id=\"toc\" style=\"background: #f9f9f9;border: 1px solid #aaa;display: table;margin-bottom: 1em;padding: 1em;width: 350px;\">\n<p class=\"toctitle\" style=\"font-weight: 700;text-align: center;\">Content<\/p>\n<ul class=\"toc_list\">\n<li><a href=\"#toc-0\">Support PBS News<\/a><\/li>\n<li><a href=\"#toc-1\">SinMed\/MS refor\u00e7a apoio \u00e0 forma\u00e7\u00e3o m\u00e9dica durante posse da nova diretoria da AEMED-MS<\/a><\/li>\n<li><a href=\"#toc-2\">Representa\u00e7\u00e3o Estudantil s\u00e9ria &#8211; Livre de vieses ideol\u00f3gicos &#8211; Presente em mais de 60 Universidades Paulistas.<\/a><\/li>\n<\/ul>\n<\/div>\n<p>Sempre em busca da excel\u00eancia do ensino m\u00e9dico. Logradouro Rua Marques de Abrantes Certifica\u00e7\u00e3o de 18 horas (para receber o certificado, \u00e9 obrigat\u00f3rio assistir a, pelo menos, 65% das palestras). O evento acontecer\u00e1 nos dias 09, 10 e 11 de dezembro de 2020, das 18h \u00e0s 21h (nos dias citados).<\/p>\n<h2 id=\"toc-0\">Support PBS News<\/h2>\n<p>Workshop para os participantes realizarem uma auto-an\u00e1lise sobre o curr\u00edculo perfeito para aprova\u00e7\u00e3o na Resid\u00eancia M\u00e9dica, com foco nos editais do ENARE e SES-DF. Talk sobre como construir sua marca para atrair mais pacientes atrav\u00e9s da Publicidade M\u00e9dica Ser\u00e3o realizados tamb\u00e9m minicursos extras pela TreineLab &#8211; patrocinadora oficial do congresso &#8211; que n\u00e3o est\u00e3o inclusos nas atividades regulares do congresso.<\/p>\n<h3 id=\"toc-1\">SinMed\/MS refor\u00e7a apoio \u00e0 forma\u00e7\u00e3o m\u00e9dica durante posse da nova diretoria da AEMED-MS<\/h3>\n<p>Dr. Marcio durante os cargos de lideran\u00e7a e representa\u00e7\u00e3o estudantil intermediou dezenas de conflitos e rela\u00e7\u00f5es entre estudantes de medicina e coordenadores\/diretores de cursos de medicina. O coordenador do <a href=\"https:\/\/aemedbr.com\/\">aemedbr<\/a> Programa Agentes APM, Expedito Barbosa, tamb\u00e9m ministrou uma palestra no evento, sobre o Aumento, sem crit\u00e9rio, do n\u00famero de escolas m\u00e9dicas no Brasil. Foi o compartilhamento de valores, princ\u00edpios e ideais que fez com que Alberto Nupiere e Rubi\u00e3o Meira se reunissem e, com eles, trouxessem uma rede de c\u00e9lebres nomes da Medicina brasileira para, ent\u00e3o, desenvolver a APM.<\/p>\n<h3 id=\"toc-2\">Representa\u00e7\u00e3o Estudantil s\u00e9ria &#8211; Livre de vieses ideol\u00f3gicos &#8211; Presente em mais de 60 Universidades Paulistas.<\/h3>\n<ul>\n<li>O estudante de medicina n\u00e3o pode receber honor\u00e1rios ou sal\u00e1rio pelo exerc\u00edcio de sua atividade acad\u00eamica institucional, com exce\u00e7\u00e3o de bolsas regulamentadas.<\/li>\n<li>Quer conhecer um pouco mais sobre especialidades m\u00e9dicas?<\/li>\n<li>Al\u00e9m de cassar ou aplicar outras penalidades ao m\u00e9dico, o sistema de conselhos tamb\u00e9m regulamenta e fiscaliza as nossas condi\u00e7\u00f5es de trabalho\u201d, destacou.<\/li>\n<li>J\u00e1 os estudantes Julio Veras e Isabella Godoi, por sua vez, abordaram a p\u00f3s-gradua\u00e7\u00e3o m\u00e9dica e os riscos associados \u00e0 prolifera\u00e7\u00e3o de cursos lato sensu que utilizam indevidamente o termo \u201cespecializa\u00e7\u00e3o\u201d.<\/li>\n<li>Constitui-se no \u00e2mago da rela\u00e7\u00e3o m\u00e9dico-paciente \u201d, destaca o secret\u00e1rio-geral e integrante da Comiss\u00e3o Nacional de Elabora\u00e7\u00e3o do CEEM, Henrique Batista e Silva.<\/li>\n<li>O CEEM funciona como orienta\u00e7\u00e3o n\u00e3o somente aos alunos, mas tamb\u00e9m para os professores e respons\u00e1veis pelas institui\u00e7\u00f5es de ensino, encarregados da forma\u00e7\u00e3o do profissional.<\/li>\n<\/ul>\n<p>Segundo o novo C\u00f3digo, o estudante de medicina deve manusear e manter sigilo sobre informa\u00e7\u00f5es contidas em prontu\u00e1rios, papeletas, exames e demais folhas de observa\u00e7\u00f5es m\u00e9dicas. Buscamos representar os acad\u00eamicos em quest\u00f5es pol\u00edticas e estudantis e acreditamos na coopera\u00e7\u00e3o entre estudantes, entidades m\u00e9dicas, escolas de Medicina e outras autoridades da esfera p\u00fablica e privada. No encontro, eles abordaram o papel da entidade estudantil e o estreitamento de sua rela\u00e7\u00e3o com o Cremego visando a amplia\u00e7\u00e3o de a\u00e7\u00f5es voltadas para a melhoria da qualidade do ensino m\u00e9dico e da boa forma\u00e7\u00e3o dos futuros m\u00e9dicos goianos. Desde a sua funda\u00e7\u00e3o, a AEMED-SP atua na defesa e na promo\u00e7\u00e3o da buscapela excel\u00eancia na forma\u00e7\u00e3o m\u00e9dica &#8211; t\u00e9cnica, humana e cient\u00edfica -, dos princ\u00edpios evalores que norteiam a boa medicina desde os prim\u00f3rdios at\u00e9 os dias de hoje e daparticipa\u00e7\u00e3o do estudante no cen\u00e1rio pol\u00edtico estadual e nacional. Quer conhecer um pouco mais sobre especialidades m\u00e9dicas? Estabelecida em julho de 2016, a Associa\u00e7\u00e3o dos Estudantes de Medicina de Santa Catarina (AEMED-SC) nasceu do anseio e da necessidade dos estudantes de medicina em terem, ainda durante a gradua\u00e7\u00e3o, voz e v\u00ed\u00adnculo formal junto a uma institui\u00e7\u00e3o pr\u00f3pria.<\/p>\n<h2 id=\"toc-3\">CAMN &#8211; Centro Acad\u00eamico Miguel Nicolelis<\/h2>\n<p>Para isso, e\u0301 oferecida a oportunidade das ligas parceiras indicarem palestrantes e, assim, possibilitar aos estudantes uma ampla possibilidade de participac\u0327a\u0303o ativa na construc\u0327a\u0303o do congresso e escolha dos palestrantes. A Diretoria de Eventos, que busca promover o ensino aos estudantes de Medicina, sempre trazendo pautas relevantes. Decorridos tre\u0302s anos de sua fundac\u0327a\u0303o, em 2013, a Associa\u00e7\u00e3o dos Estudantes de Medicina do Distrito Federal (AEMED-DF) participou ativamente e se posicionou contra o Programa Mais Me\u0301dicos, poli\u0301tica governamental que ia na contrama\u0303o aos interesses dos me\u0301dicos brasileiros e da sau\u0301de pu\u0301blica. Em parceria com a Aemed-GO, outras a\u00e7\u00f5es poder\u00e3o ser desenvolvidas pelo Cremego para os acad\u00eamicos de medicina. \u00c9tica m\u00e9dica e Bio\u00e9tica aplicada ao ensino da Medicina na era da Intelig\u00eancia Artificial.<\/p>\n<p>Vit\u00f3ria da boa medicina em nosso pa\u00eds! Maria Jos\u00e9 Maldonado, presidente da AMMS e diretora acad\u00eamica da AMB; Gustavo Senra Masuko, presidente da AEMED MS; Udenilson Nunes, vice-presidente da AEMED MS; Gustavo Persin, diretor cient\u00edfico da AEMED MS; Ana Luiza Lyrio, secret\u00e1ria geral da AEMED MS; Luis Jr., diretor de rela\u00e7\u00f5es externas AEMED MS e vice-presidente da ABLAM; Ant\u00f4nio Neto, tesoureiro da ABLAM. No dia 22 de fevereiro de 2020 a diretoria executiva da Associa\u00e7\u00e3o dos Estudantes de Medicina de Mato Grosso do Sul juntamente com o Vice-presidente e o Tesoureiro da Associa\u00e7\u00e3o Brasileira de Ligas Acad\u00eamicas de Medicina (ABLAM) se reuniram na sede da Associa\u00e7\u00e3o M\u00e9dica de Mato Grosso do Sul. Esse documento representa nosso compromisso com a nobre fun\u00e7\u00e3o de ajudar nosso pa\u00eds a enfrentar essa grande crise, al\u00e9m de conter nossos anseios para que esta ocorra da melhor forma poss\u00edvel.Nossos olhos n\u00e3o est\u00e3o fechados. N\u00e3o se cale, \u00e9 a sua sa\u00fade que est\u00e1 em risco! A Associa\u00e7\u00e3o M\u00e9dica de Mato Grosso do Sul criou um canal espec\u00edfico de comunica\u00e7\u00e3o para recebimento de den\u00fancias acerca da falta de prote\u00e7\u00e3o adequada para os profissionais de sa\u00fade em meio a pandemia do Covid-19.<\/p>\n<p>O Diretor Jur\u00eddico do SinMed\/MS, Dr. Valdir Shigueiro Siroma, tamb\u00e9m ressaltou o papel do sindicato na orienta\u00e7\u00e3o e defesa dos estudantes em quest\u00f5es trabalhistas e acad\u00eamicas. O SinMed\/MS est\u00e1 \u00e0 disposi\u00e7\u00e3o para ser um aliado nessa jornada, garantindo que os acad\u00eamicos tenham voz e representatividade em pautas que impactam diretamente seu futuro profissional\u201d, afirmou. \u201cApoiar a AEMED-MS significa contribuir para o desenvolvimento de uma medicina mais qualificada, com profissionais bem preparados e conscientes dos desafios que enfrentar\u00e3o. Encontre, avalie e descubra estabelecimentos pr\u00f3ximos a voc\u00ea.<\/p>\n<p>Instrui que a realiza\u00e7\u00e3o de atendimento por acad\u00eamico dever\u00e1 obrigatoriamente ter supervis\u00e3o m\u00e9dica. Pro\u00edbe o acad\u00eamico identificar-se como m\u00e9dico, podendo qualquer ato por ele praticado nessa situa\u00e7\u00e3o ser caracterizado como exerc\u00edcio ilegal da medicina. Al\u00e9m desses t\u00f3picos, quatro artigos foram dedicados a rela\u00e7\u00e3o dos estudantes com os demais profissionais de sa\u00fade. Da mesma forma, cabe aos alunos ajudar na limita\u00e7\u00e3o ao acesso dessas informa\u00e7\u00f5es, contidas nos prontu\u00e1rios, a outras pessoas e profissionais que n\u00e3o tenham a obriga\u00e7\u00e3o do sigilo m\u00e9dico. O CEEM funciona como orienta\u00e7\u00e3o n\u00e3o somente aos alunos, mas tamb\u00e9m para os professores e respons\u00e1veis pelas institui\u00e7\u00f5es de ensino, encarregados da forma\u00e7\u00e3o do profissional. Anteriormente, no Brasil, algumas institui\u00e7\u00f5es de ensino e Conselhos Regionais de Medicina haviam elaborado textos com o mesmo objetivo, mas com abrang\u00eancia local.<\/p>\n<p>Adriano Ferro Rotondano Filho ressalta que a Aemed-GO nasceu da necessidade dos estudantes de serem verdadeiramente representados. Em 2015 ajudou a criar um grupo de trabalho, com o qual colabora at\u00e9 hoje, no Laborat\u00f3rio de Neuroimagem em Psiquiatria (LIM-21) da FMUSP que participa do Cons\u00f3rcio ENIGMA &#8211; a maior iniciativa multic\u00eantrica mundial de imagem cerebral e dados gen\u00e9ticas. A Vis\u00e3o da AMB sobre o Momento Atual do Ensino M\u00e9dico no Pa\u00eds. Junte-se a n\u00f3s e fortale\u00e7a sua voz na nova gera\u00e7\u00e3o m\u00e9dica! AEMED-SP possui de uma participa\u00e7\u00e3o ativa e efetiva nos cen\u00e1rios pol\u00edtico, educativo em\u00e9dico paulista.<\/p>\n","protected":false},"excerpt":{"rendered":"<p>Content Support PBS News SinMed\/MS refor\u00e7a apoio \u00e0 forma\u00e7\u00e3o m\u00e9dica durante posse da nova diretoria da AEMED-MS Representa\u00e7\u00e3o Estudantil s\u00e9ria &#8211; Livre de vieses ideol\u00f3gicos &#8211; Presente em mais de 60 Universidades Paulistas. Sempre em busca da excel\u00eancia do ensino m\u00e9dico. Logradouro Rua Marques de Abrantes Certifica\u00e7\u00e3o de 18 horas (para receber o certificado, \u00e9 [&hellip;]<\/p>\n","protected":false},"author":10,"featured_media":0,"comment_status":"open","ping_status":"open","sticky":false,"template":"","format":"standard","meta":{"footnotes":""},"categories":[394],"tags":[],"class_list":["post-103280","post","type-post","status-publish","format-standard","hentry","category-aemedbr-com"],"_links":{"self":[{"href":"https:\/\/woodemo.webkul.in\/restaurant-pos-bundle\/wp-json\/wp\/v2\/posts\/103280","targetHints":{"allow":["GET"]}}],"collection":[{"href":"https:\/\/woodemo.webkul.in\/restaurant-pos-bundle\/wp-json\/wp\/v2\/posts"}],"about":[{"href":"https:\/\/woodemo.webkul.in\/restaurant-pos-bundle\/wp-json\/wp\/v2\/types\/post"}],"author":[{"embeddable":true,"href":"https:\/\/woodemo.webkul.in\/restaurant-pos-bundle\/wp-json\/wp\/v2\/users\/10"}],"replies":[{"embeddable":true,"href":"https:\/\/woodemo.webkul.in\/restaurant-pos-bundle\/wp-json\/wp\/v2\/comments?post=103280"}],"version-history":[{"count":1,"href":"https:\/\/woodemo.webkul.in\/restaurant-pos-bundle\/wp-json\/wp\/v2\/posts\/103280\/revisions"}],"predecessor-version":[{"id":103281,"href":"https:\/\/woodemo.webkul.in\/restaurant-pos-bundle\/wp-json\/wp\/v2\/posts\/103280\/revisions\/103281"}],"wp:attachment":[{"href":"https:\/\/woodemo.webkul.in\/restaurant-pos-bundle\/wp-json\/wp\/v2\/media?parent=103280"}],"wp:term":[{"taxonomy":"category","embeddable":true,"href":"https:\/\/woodemo.webkul.in\/restaurant-pos-bundle\/wp-json\/wp\/v2\/categories?post=103280"},{"taxonomy":"post_tag","embeddable":true,"href":"https:\/\/woodemo.webkul.in\/restaurant-pos-bundle\/wp-json\/wp\/v2\/tags?post=103280"}],"curies":[{"name":"wp","href":"https:\/\/api.w.org\/{rel}","templated":true}]}}